{"id":3026,"date":"2026-04-30T16:14:19","date_gmt":"2026-04-30T14:14:19","guid":{"rendered":"https:\/\/fondationfap.ch\/?p=3026"},"modified":"2026-04-30T16:16:57","modified_gmt":"2026-04-30T14:16:57","slug":"cooperation-oecumenique","status":"publish","type":"post","link":"https:\/\/fondationfap.ch\/en\/cooperation-oecumenique\/","title":{"rendered":"Ecumenical Cooperation"},"content":{"rendered":"<p>[et_pb_section fb_built=&#8221;1&#8243; _builder_version=&#8221;4.19.5&#8243; _module_preset=&#8221;default&#8221; max_height=&#8221;200px&#8221; global_colors_info=&#8221;{}&#8221;][et_pb_row column_structure=&#8221;3_5,2_5&#8243; _builder_version=&#8221;4.19.5&#8243; _module_preset=&#8221;default&#8221; global_colors_info=&#8221;{}&#8221;][et_pb_column type=&#8221;3_5&#8243; _builder_version=&#8221;4.19.5&#8243; _module_preset=&#8221;default&#8221; global_colors_info=&#8221;{}&#8221;][et_pb_text _builder_version=&#8221;4.19.5&#8243; _module_preset=&#8221;default&#8221; content_en_us=&#8221;<\/p>\n<p>Officially welcomed as one of the specialized ministries of the World Council of Churches, FAP participated in two major meetings from April 28 to 30 (Ch\u00e2teau de Bossey)<\/p>\n<p><a href=%22https:\/\/www.oikoumene.org\/news\/working-together-meeting-will-convene-wccs-specialized-ministries-partners%22>Working Together,<\/a> which brought together various organizations to discuss concrete collaborations, and the <a href=%22https:\/\/www.oikoumene.org\/news\/high-level-consultation-convenes-global-ecumenical-organizations-and-partners-around-shared-priorities%22>High-Level Consultation on Ecumenical Cooperation<\/a>, which facilitated a discussion on the challenges and opportunities of the transformations currently underway in the world.<\/p>\n<p>The opportunity was taken to show solidarity with the campaign <a href=%22https:\/\/www.oikoumene.org\/what-we-do\/thursdays-in-black%22>Black Thursday: Toward a World Without Rape or Violence<\/a><\/p>\n<p>Photo credit: @WCC<\/p>\n<p>&#8221; global_colors_info=&#8221;{}&#8221;]<\/p>\n<h3><\/h3>\n<p>Accueillie officiellement parmi les minist\u00e8res specialis\u00e9s du Conseil Oecum\u00e9nique, la FAP\u00a0 \u00e0 particip\u00e9 \u00e0 deux importantes rencontres du 28 au 30 avril (Chateau de Bossey)<\/p>\n<p>&#8220;Working Together&#8221; qui a rassembl\u00e9 les differentes organisations pour discuter des collaborations concr\u00e9tes et la &#8220;Consultation de Haut Niveau sur la Cooperation Oecum\u00e9nique&#8221; qui a permi un \u00e9change sur les d\u00e9fis et les opportunit\u00e9s des transformations en cours dans le monde.<\/p>\n<p>l&#8217;occasion a permis aussi de temoigner solidarit\u00e9 \u00e0 la campagne &#8220;<a href=\"https:\/\/www.oikoumene.org\/fr\/what-we-do\/thursdays-in-black\">jeudi en noir: vers un monde sans viol ni violence<\/a>&#8220;<\/p>\n<p>credit photo @WCC<\/p>\n<p>&nbsp;<\/p>\n<p>[\/et_pb_text][\/et_pb_column][et_pb_column type=&#8221;2_5&#8243; _builder_version=&#8221;4.19.5&#8243; _module_preset=&#8221;default&#8221; global_colors_info=&#8221;{}&#8221;][et_pb_image src=&#8221;https:\/\/fondationfap.ch\/wp-content\/uploads\/2026\/04\/20260428-Untitled-WCC-deFombelle-67-scaled.jpg&#8221; title_text=&#8221;20260428-Untitled-WCC-deFombelle-67&#8243; _builder_version=&#8221;4.19.5&#8243; _module_preset=&#8221;default&#8221; global_colors_info=&#8221;{}&#8221;][\/et_pb_image][et_pb_image src=&#8221;https:\/\/fondationfap.ch\/wp-content\/uploads\/2026\/04\/20260430-WCC-LWF-ACT-consultation-WCC-deFombelle-13-scaled.jpg&#8221; title_text=&#8221;20260430-WCC-LWF-ACT-consultation-WCC-deFombelle-13&#8243; _builder_version=&#8221;4.19.5&#8243; _module_preset=&#8221;default&#8221; global_colors_info=&#8221;{}&#8221;][\/et_pb_image][\/et_pb_column][\/et_pb_row][et_pb_row _builder_version=&#8221;4.19.5&#8243; _module_preset=&#8221;default&#8221; global_colors_info=&#8221;{}&#8221;][et_pb_column type=&#8221;4_4&#8243; _builder_version=&#8221;4.19.5&#8243; _module_preset=&#8221;default&#8221; global_colors_info=&#8221;{}&#8221;][et_pb_divider color=&#8221;#FFFFFF&#8221; _builder_version=&#8221;4.19.5&#8243; _module_preset=&#8221;default&#8221; global_colors_info=&#8221;{}&#8221;][\/et_pb_divider][\/et_pb_column][\/et_pb_row][\/et_pb_section]<\/p>\n","protected":false},"excerpt":{"rendered":"<p>Accueillie officiellement parmi les minist\u00e8res specialis\u00e9s du Conseil Oecum\u00e9nique, la FAP\u00a0 \u00e0 particip\u00e9 \u00e0 deux importantes rencontres du 28 au 30 avril (Chateau de Bossey) &#8220;Working Together&#8221; qui a rassembl\u00e9 les differentes organisations pour discuter des collaborations concr\u00e9tes et la &#8220;Consultation de Haut Niveau sur la Cooperation Oecum\u00e9nique&#8221; qui a permi un \u00e9change sur les [&hellip;]<\/p>\n","protected":false},"author":2,"featured_media":3028,"comment_status":"closed","ping_status":"open","sticky":false,"template":"","format":"standard","meta":{"_et_pb_use_builder":"on","_et_pb_old_content":"","_et_gb_content_width":""},"categories":[10],"tags":[],"_links":{"self":[{"href":"https:\/\/fondationfap.ch\/en\/wp-json\/wp\/v2\/posts\/3026"}],"collection":[{"href":"https:\/\/fondationfap.ch\/en\/wp-json\/wp\/v2\/posts"}],"about":[{"href":"https:\/\/fondationfap.ch\/en\/wp-json\/wp\/v2\/types\/post"}],"author":[{"embeddable":true,"href":"https:\/\/fondationfap.ch\/en\/wp-json\/wp\/v2\/users\/2"}],"replies":[{"embeddable":true,"href":"https:\/\/fondationfap.ch\/en\/wp-json\/wp\/v2\/comments?post=3026"}],"version-history":[{"count":6,"href":"https:\/\/fondationfap.ch\/en\/wp-json\/wp\/v2\/posts\/3026\/revisions"}],"predecessor-version":[{"id":3039,"href":"https:\/\/fondationfap.ch\/en\/wp-json\/wp\/v2\/posts\/3026\/revisions\/3039"}],"wp:featuredmedia":[{"embeddable":true,"href":"https:\/\/fondationfap.ch\/en\/wp-json\/wp\/v2\/media\/3028"}],"wp:attachment":[{"href":"https:\/\/fondationfap.ch\/en\/wp-json\/wp\/v2\/media?parent=3026"}],"wp:term":[{"taxonomy":"category","embeddable":true,"href":"https:\/\/fondationfap.ch\/en\/wp-json\/wp\/v2\/categories?post=3026"},{"taxonomy":"post_tag","embeddable":true,"href":"https:\/\/fondationfap.ch\/en\/wp-json\/wp\/v2\/tags?post=3026"}],"curies":[{"name":"wp","href":"https:\/\/api.w.org\/{rel}","templated":true}]}}