{"id":2724,"date":"2025-09-01T16:26:11","date_gmt":"2025-09-01T14:26:11","guid":{"rendered":"https:\/\/fondationfap.ch\/?p=2724"},"modified":"2025-09-01T16:26:11","modified_gmt":"2025-09-01T14:26:11","slug":"la-fap-visite-la-stockholm-oecumenique","status":"publish","type":"post","link":"https:\/\/fondationfap.ch\/en\/la-fap-visite-la-stockholm-oecumenique\/","title":{"rendered":"FAP visits ecumenical  Stockholm"},"content":{"rendered":"<p>[et_pb_section fb_built=&#8221;1&#8243; _builder_version=&#8221;4.19.5&#8243; _module_preset=&#8221;default&#8221; max_height=&#8221;200px&#8221; global_colors_info=&#8221;{}&#8221;][et_pb_row _builder_version=&#8221;4.19.5&#8243; _module_preset=&#8221;default&#8221; custom_margin=&#8221;99px|auto||auto||&#8221; custom_padding=&#8221;|||7px||&#8221; global_colors_info=&#8221;{}&#8221;][et_pb_column type=&#8221;4_4&#8243; _builder_version=&#8221;4.19.5&#8243; _module_preset=&#8221;default&#8221; global_colors_info=&#8221;{}&#8221;][et_pb_text _builder_version=&#8221;4.19.5&#8243; _module_preset=&#8221;default&#8221; content_en_us=&#8221;<\/p>\n<p>During the ecumenical week of the Swedish Council of Churches in August (%22Time for God\u2019s peace%22), FAP met with Pastor Jenny Dobers, President of the Stockholm region for the Uniting Church of Sweden and new President of the European region of the WCRC (World Communion of Reformed Churches)<\/p>\n<p>&#8221; global_colors_info=&#8221;{}&#8221;]<\/p>\n<p><em>Lors de la semaine \u0153cum\u00e9nique du Conseil des \u00c9glises de Su\u00e8de en ao\u00fbt (\u00ab Time for God\u2019s peace \u00bb), la FAP a rencontr\u00e9 la pasteure Jenny Dobers, Pr\u00e9sidente de la r\u00e9gion de Stockholm pour la Uniting Church of Sweden et nouvelle Pr\u00e9sidente de la r\u00e9gion europ\u00e9enne de la CMER (Communion Mondiale des Eglises Reform\u00e9es)<\/em><\/p>\n<p>[\/et_pb_text][\/et_pb_column][\/et_pb_row][\/et_pb_section]<\/p>\n","protected":false},"excerpt":{"rendered":"<p>Lors de la semaine \u0153cum\u00e9nique du Conseil des \u00c9glises de Su\u00e8de en ao\u00fbt (\u00ab Time for God\u2019s peace \u00bb), la FAP a rencontr\u00e9 la pasteure Jenny Dobers, Pr\u00e9sidente de la r\u00e9gion de Stockholm pour la Uniting Church of Sweden et nouvelle Pr\u00e9sidente de la r\u00e9gion europ\u00e9enne de la CMER (Communion Mondiale des Eglises Reform\u00e9es)<\/p>\n","protected":false},"author":2,"featured_media":2723,"comment_status":"closed","ping_status":"open","sticky":false,"template":"","format":"standard","meta":{"_et_pb_use_builder":"on","_et_pb_old_content":"","_et_gb_content_width":""},"categories":[10],"tags":[],"_links":{"self":[{"href":"https:\/\/fondationfap.ch\/en\/wp-json\/wp\/v2\/posts\/2724"}],"collection":[{"href":"https:\/\/fondationfap.ch\/en\/wp-json\/wp\/v2\/posts"}],"about":[{"href":"https:\/\/fondationfap.ch\/en\/wp-json\/wp\/v2\/types\/post"}],"author":[{"embeddable":true,"href":"https:\/\/fondationfap.ch\/en\/wp-json\/wp\/v2\/users\/2"}],"replies":[{"embeddable":true,"href":"https:\/\/fondationfap.ch\/en\/wp-json\/wp\/v2\/comments?post=2724"}],"version-history":[{"count":4,"href":"https:\/\/fondationfap.ch\/en\/wp-json\/wp\/v2\/posts\/2724\/revisions"}],"predecessor-version":[{"id":2728,"href":"https:\/\/fondationfap.ch\/en\/wp-json\/wp\/v2\/posts\/2724\/revisions\/2728"}],"wp:featuredmedia":[{"embeddable":true,"href":"https:\/\/fondationfap.ch\/en\/wp-json\/wp\/v2\/media\/2723"}],"wp:attachment":[{"href":"https:\/\/fondationfap.ch\/en\/wp-json\/wp\/v2\/media?parent=2724"}],"wp:term":[{"taxonomy":"category","embeddable":true,"href":"https:\/\/fondationfap.ch\/en\/wp-json\/wp\/v2\/categories?post=2724"},{"taxonomy":"post_tag","embeddable":true,"href":"https:\/\/fondationfap.ch\/en\/wp-json\/wp\/v2\/tags?post=2724"}],"curies":[{"name":"wp","href":"https:\/\/api.w.org\/{rel}","templated":true}]}}