{"id":2639,"date":"2025-07-28T11:48:32","date_gmt":"2025-07-28T09:48:32","guid":{"rendered":"https:\/\/fondationfap.ch\/?p=2639"},"modified":"2025-07-28T11:48:33","modified_gmt":"2025-07-28T09:48:33","slug":"chaco-resilience-au-changements-climatiques","status":"publish","type":"post","link":"https:\/\/fondationfap.ch\/en\/chaco-resilience-to-climate-change\/","title":{"rendered":"Chaco - resilience to climate change"},"content":{"rendered":"\n[et_pb_section fb_built=&#8221;1&#8243; _builder_version=&#8221;4.19.5&#8243; _module_preset=&#8221;default&#8221; max_height=&#8221;200px&#8221; global_colors_info=&#8221;{}&#8221;][et_pb_row column_structure=&#8221;3_5,2_5&#8243; _builder_version=&#8221;4.19.5&#8243; _module_preset=&#8221;default&#8221; hover_enabled=&#8221;0&#8243; global_colors_info=&#8221;{}&#8221; sticky_enabled=&#8221;0&#8243;][et_pb_column type=&#8221;3_5&#8243; _builder_version=&#8221;4.19.5&#8243; _module_preset=&#8221;default&#8221; global_colors_info=&#8221;{}&#8221;][et_pb_text _builder_version=&#8221;4.19.5&#8243; _module_preset=&#8221;default&#8221; hover_enabled=&#8221;0&#8243; content_en_us=&#8221;<p>Chaco is a region of northern Argentina particularly affected by climate change.<\/p>\n<p>The negative effects are particularly significant on communities of indigenous peoples, impoverished fractions of rural producers or workers in a situation of unemployment. At the same time, the feminization of poverty is a fact that affects all sectors. Community organizations do not have the capacity to obtain external funding. The main challenge is to improve the production models of community organizations moving towards agroecological processes.<\/p>\n<p>The aim is reducing vulnerability concerning water access. The rural communities, have been trained with different modules (technical, theoretical and management) through a collaboration between local authorities , institutions and key community actors (teachers, pastors, members of community associations, young people, producers).<\/p>\n<p>Two water tanks were built and made functional. Two hand pumps were installed in the tanks built to not depend on the electricity from the regional network. The seeds of indigenous plants have begun to grow according to agroforestry techniques that will help water conservation.<\/p>\n<p>45 people have been trained in the local community, and around 300 families benefit from the positive impact of the project.<\/p>\n<p>The <a href=%22https:\/\/www.horadeobrar.org.ar\/%22>Hora de Obrar<\/a> Foundation coordinated the activities and remains engaged in the field<\/p>\n<p>&nbsp;<\/p>&#8221; global_colors_info=&#8221;{}&#8221; sticky_enabled=&#8221;0&#8243;]<h3><\/h3>\n<p>Le Chaco est une r\u00e9gion du Nord de l\u2019Argentine particuli\u00e8rement affect\u00e9e par les changements climatique.<\/p>\n<p>Les effets n\u00e9gatifs sont particuli\u00e8rement importants sur la communaut\u00e9s de peuples autochtones, fractions appauvries de producteurs ruraux ou travailleurs en situation de ch\u00f4mage. Au m\u00eame temps, la f\u00e9minisation de la pauvret\u00e9 est un fait qui touche tous les secteurs. les organisations communautaires n\u2019ont pas la capacit\u00e9 d\u2019obtenir des financements ext\u00e9rieurs. Le principal d\u00e9fi \u00e9tant d\u2019am\u00e9liorer les mod\u00e8les de production des organisations communautaires tendant vers des processus agro\u00e9cologiques.<\/p>\n<p>L\u2019objectif est de r\u00e9duire la vuln\u00e9rabilit\u00e9 en ce qui concerne l\u2019acc\u00e8s \u00e0 l\u2019eau. Les communaut\u00e9s rurales, ont \u00e9t\u00e9 form\u00e9es avec des modules diff\u00e9rents (techniques, th\u00e9oriques et de gestion) avec une collaboration entre les autorit\u00e9s et institutions locales et les acteurs cl\u00e9s des communaut\u00e9s (enseignants, pasteurs, membres d\u2019associations communautaires, jeunes, producteurs)<\/p>\n<p>Deux citernes d\u2019eau ont \u00e9t\u00e9 construites et rendue fonctionnelles. Deux pompes \u00e0 main ont \u00e9t\u00e9 install\u00e9es dans les citernes construites pour ne pas d\u00e9pendre de l\u2019\u00e9lectricit\u00e9 du r\u00e9seau r\u00e9gional. Les semences de plantes autochtones ont commenc\u00e9 \u00e0 pousser selon les techniques agroforesti\u00e8res qui permettent de pr\u00e9server l\u2019eau.<\/p>\n<p>45 personnes ont \u00e9t\u00e9 form\u00e9es dans la communaut\u00e9 locale, et environs 300 familles b\u00e9n\u00e9ficient des retomb\u00e9es positive du projet.<\/p>\n<p>La Fondation <a href=\"https:\/\/www.horadeobrar.org.ar\/\">Hora de Obrar<\/a> a coordonn\u00e9 les activit\u00e9s et reste engag\u00e9 sur le terrain<\/p>\n<p style=\"font-weight: 400;\">[\/et_pb_text][\/et_pb_column][et_pb_column type=&#8221;2_5&#8243; _builder_version=&#8221;4.19.5&#8243; _module_preset=&#8221;default&#8221; global_colors_info=&#8221;{}&#8221;][et_pb_text _builder_version=&#8221;4.19.5&#8243; _module_preset=&#8221;default&#8221; custom_padding=&#8221;10px|8px|10px|10px|false|false&#8221; hover_enabled=&#8221;0&#8243; content_en_us=&#8221;<div><b><span lang=%22EN-GB%22>Country<\/span><\/b><span lang=%22EN-GB%22>: Argentina<br \/><b>Years<\/b>: 2023-2024<br \/><b>Sector of activity <\/b>: Diaconia &#8211; developpement<br \/><b>Project title <\/b>: Strengthening indigenous community organizations in resilience to change<br \/>climatic.<\/span><\/div>\n<div><\/div>&#8221; border_width_all=&#8221;2px&#8221; border_color_all=&#8221;#A8172D&#8221; global_colors_info=&#8221;{}&#8221; sticky_enabled=&#8221;0&#8243;]<div><b><span lang=\"EN-GB\">Lieu <\/span><\/b><span lang=\"EN-GB\"><span lang=\"EN-GB\">: Argentina<br \/><b>Ann\u00e9e <\/b>: 2023-2024<br \/><b>Secteur d&#8217;activit\u00e9 <\/b>: Diaconie &#8211; d\u00e9v\u00e9loppement<br \/><b>Intitul\u00e9 du projet <\/b>: Renforcement de la r\u00e9silience des organisations communautaires autochtones face au changement<br \/>climatique.<\/span><\/span><\/div>\n<div><\/div>[\/et_pb_text][et_pb_image src=&#8221;https:\/\/fondationfap.ch\/wp-content\/uploads\/2025\/07\/2023_09_chaco.png&#8221; title_text=&#8221;2023_09_chaco&#8221; _builder_version=&#8221;4.19.5&#8243; _module_preset=&#8221;default&#8221; global_colors_info=&#8221;{}&#8221;][\/et_pb_image][et_pb_image src=&#8221;https:\/\/fondationfap.ch\/wp-content\/uploads\/2025\/07\/2023_09_semences-chaco.png&#8221; title_text=&#8221;2023_09_semences-chaco&#8221; _builder_version=&#8221;4.19.5&#8243; _module_preset=&#8221;default&#8221; global_colors_info=&#8221;{}&#8221;][\/et_pb_image][\/et_pb_column][\/et_pb_row][et_pb_row _builder_version=&#8221;4.19.5&#8243; _module_preset=&#8221;default&#8221; global_colors_info=&#8221;{}&#8221;][et_pb_column type=&#8221;4_4&#8243; _builder_version=&#8221;4.19.5&#8243; _module_preset=&#8221;default&#8221; global_colors_info=&#8221;{}&#8221;][et_pb_divider color=&#8221;#FFFFFF&#8221; _builder_version=&#8221;4.19.5&#8243; _module_preset=&#8221;default&#8221; global_colors_info=&#8221;{}&#8221;][\/et_pb_divider][\/et_pb_column][\/et_pb_row][\/et_pb_section]\n","protected":false},"excerpt":{"rendered":"<p>Le Chaco est une r\u00e9gion du Nord de l\u2019Argentine particuli\u00e8rement affect\u00e9e par les changements climatique. Les effets n\u00e9gatifs sont particuli\u00e8rement importants sur la communaut\u00e9s de peuples autochtones, fractions appauvries de producteurs ruraux ou travailleurs en situation de ch\u00f4mage. Au m\u00eame temps, la f\u00e9minisation de la pauvret\u00e9 est un fait qui touche tous les secteurs. les [&hellip;]<\/p>\n","protected":false},"author":2,"featured_media":2638,"comment_status":"closed","ping_status":"open","sticky":false,"template":"","format":"standard","meta":{"_et_pb_use_builder":"on","_et_pb_old_content":"","_et_gb_content_width":""},"categories":[17],"tags":[],"_links":{"self":[{"href":"https:\/\/fondationfap.ch\/en\/wp-json\/wp\/v2\/posts\/2639"}],"collection":[{"href":"https:\/\/fondationfap.ch\/en\/wp-json\/wp\/v2\/posts"}],"about":[{"href":"https:\/\/fondationfap.ch\/en\/wp-json\/wp\/v2\/types\/post"}],"author":[{"embeddable":true,"href":"https:\/\/fondationfap.ch\/en\/wp-json\/wp\/v2\/users\/2"}],"replies":[{"embeddable":true,"href":"https:\/\/fondationfap.ch\/en\/wp-json\/wp\/v2\/comments?post=2639"}],"version-history":[{"count":12,"href":"https:\/\/fondationfap.ch\/en\/wp-json\/wp\/v2\/posts\/2639\/revisions"}],"predecessor-version":[{"id":2657,"href":"https:\/\/fondationfap.ch\/en\/wp-json\/wp\/v2\/posts\/2639\/revisions\/2657"}],"wp:featuredmedia":[{"embeddable":true,"href":"https:\/\/fondationfap.ch\/en\/wp-json\/wp\/v2\/media\/2638"}],"wp:attachment":[{"href":"https:\/\/fondationfap.ch\/en\/wp-json\/wp\/v2\/media?parent=2639"}],"wp:term":[{"taxonomy":"category","embeddable":true,"href":"https:\/\/fondationfap.ch\/en\/wp-json\/wp\/v2\/categories?post=2639"},{"taxonomy":"post_tag","embeddable":true,"href":"https:\/\/fondationfap.ch\/en\/wp-json\/wp\/v2\/tags?post=2639"}],"curies":[{"name":"wp","href":"https:\/\/api.w.org\/{rel}","templated":true}]}}