{"id":2570,"date":"2025-05-30T11:56:57","date_gmt":"2025-05-30T09:56:57","guid":{"rendered":"https:\/\/fondationfap.ch\/?p=2570"},"modified":"2025-05-30T11:56:57","modified_gmt":"2025-05-30T09:56:57","slug":"cuba-instituto-cristiano-de-estudios-sobre-genero-iceg","status":"publish","type":"post","link":"https:\/\/fondationfap.ch\/en\/cuba-instituto-cristiano-de-estudios-sobre-genero-iceg\/","title":{"rendered":"CUBA - Instituto Cristiano de Estudios sobre G\u00e9nero (ICEG)"},"content":{"rendered":"<p>[et_pb_section fb_built=&#8221;1&#8243; _builder_version=&#8221;4.19.5&#8243; _module_preset=&#8221;default&#8221; max_height=&#8221;200px&#8221; global_colors_info=&#8221;{}&#8221;][et_pb_row column_structure=&#8221;3_5,2_5&#8243; _builder_version=&#8221;4.19.5&#8243; _module_preset=&#8221;default&#8221; global_colors_info=&#8221;{}&#8221;][et_pb_column type=&#8221;3_5&#8243; _builder_version=&#8221;4.19.5&#8243; _module_preset=&#8221;default&#8221; global_colors_info=&#8221;{}&#8221;][et_pb_text _builder_version=&#8221;4.19.5&#8243; _module_preset=&#8221;default&#8221; hover_enabled=&#8221;0&#8243; content_en_us=&#8221;<\/p>\n<p>The Christian Institute of gender studies (ICEG) was created in 2004 to provide a space for reflection, training and exchange on the issues of roles assigned to men and women in society and in the church. The ICEG is associated with the Department of Programs of the Council of Churches of Cuba and the Chair dedicated to this theme at the Theological Seminary of Matanzas.<\/p>\n<p>Since 20 years ICEG performs ecumenical and interdisciplinary actions of training in congregations and communities. These actions are related to theological education with gender, social justice, holistic, approach. The Institute has developed hundreds of successful workshops for pastors, lay and community leaders who will become multipliers in their communities of the training received. There have been unsatisfied demands from the different denominations. The ICEG has had the collaboration of professionals of Cuban and foreign theologians committed to gender justice as well as of outstanding university professors who are opinion leaders in the Cuban society.<\/p>\n<p>Three annual worshops and 12 biblical-theological topics (one monthly topic) have been organised and sent to the local congregations and to multipliers to be presented and discussed at local level:<\/p>\n<ul>\n<li><strong>2022 \u2013 The family<\/strong> (there will be a national discussion of the FAMILY CODE, and the reality we live today of new family models in Cuba will be discussed).<\/li>\n<li><strong>2023<\/strong> &#8211; <strong>Christian religious fundamentalism in Cuba<\/strong>, affecting substantially gender justice with patriarchal construes that affect the necessary inclusive, community, prophetic ecclesiology.<\/li>\n<li><strong>2024<\/strong> \u2013 <strong>The care of Creation (ECOLOGY AND ENVIRONMENT<\/strong>) for the production of the necessary food for the sustainable development of society.<\/li>\n<\/ul>\n<p>&#8221; global_colors_info=&#8221;{}&#8221; sticky_enabled=&#8221;0&#8243;]<\/p>\n<p>L\u2019<strong>Institut Chr\u00e9tien d\u2019Etudes de Genre (ICEG)<\/strong> a \u00e9t\u00e9 cr\u00e9\u00e9 en 2004 dans le but d\u2019offrir un espace de r\u00e9flexion, de formation et d\u2019\u00e9change sur les probl\u00e9matiques des r\u00f4les attribu\u00e9s aux hommes et aux femmes dans la soci\u00e9t\u00e9 et dans l\u2019\u00e9glise. L\u2019ICEG est associ\u00e9 au D\u00e9partement de programmes du Conseil des Eglises de Cuba et \u00e0 la Chaire consacr\u00e9e \u00e0 cette th\u00e9matique au S\u00e9minaire de Th\u00e9ologie de Matanzas.<\/p>\n<p>Depuis 20 ans, l\u2019ICEG m\u00e8ne des actions \u0153cum\u00e9niques et interdisciplinaires de formation dans les congr\u00e9gations et communaut\u00e9s. Ces actions sont li\u00e9es \u00e0 l\u2019\u00e9ducation th\u00e9ologique avec le genre, la justice sociale, holistique, approche. L\u2019Institut a d\u00e9velopp\u00e9 des centaines d\u2019ateliers r\u00e9ussis pour les pasteurs, les la\u00efcs et les leaders communautaires qui deviendront des multiplicateurs dans leurs communaut\u00e9s de la formation re\u00e7ue. Il y a eu des demandes non satisfaites de la part des diff\u00e9rentes confessions. L\u2019ICEG a eu la collaboration de professionnels de th\u00e9ologiens cubains et \u00e9trangers engag\u00e9s dans la justice de genre ainsi que d\u2019\u00e9minents professeurs universitaires qui sont des leaders d\u2019opinion dans la soci\u00e9t\u00e9 cubaine.<\/p>\n<p>Trois ateliers de travail annuels et 12 sujets biblique-th\u00e9ologiques (un th\u00e8me mensuel) ont \u00e9t\u00e9 prepar\u00e9s et envoy\u00e9s aux paroisses locales pour \u00eatre pr\u00e9sent\u00e9s et discut\u00e9s au niveau local:<\/p>\n<ul>\n<li><strong>2022 \u2013 La famille<\/strong> (il y aura une discussion nationale sur le CODE FAMILIAL et la r\u00e9alit\u00e9 que nous vivons aujourd\u2019hui des nouveaux mod\u00e8les familiaux \u00e0 Cuba).<\/li>\n<li><strong>2023 &#8211; Fondamentalisme religieux chr\u00e9tien \u00e0 Cuba<\/strong>, affectant substantiellement la justice de genre avec des conceptions patriarcales qui affectent l\u2019eccl\u00e9siologie n\u00e9cessaire inclusive, communautaire et proph\u00e9tique.<\/li>\n<li><strong>2024 \u2013 La preservation de la cr\u00e9ation<\/strong> (\u00e9cologie et environment) pour la production des aliments n\u00e9cessaires au d\u00e9veloppement durable de la soci\u00e9t\u00e9.<\/li>\n<\/ul>\n<p style=\"font-weight: 400;\">[\/et_pb_text][\/et_pb_column][et_pb_column type=&#8221;2_5&#8243; _builder_version=&#8221;4.19.5&#8243; _module_preset=&#8221;default&#8221; global_colors_info=&#8221;{}&#8221;][et_pb_text _builder_version=&#8221;4.19.5&#8243; _module_preset=&#8221;default&#8221; custom_padding=&#8221;10px|8px|10px|10px|false|false&#8221; content_en_us=&#8221;<\/p>\n<p><b><span lang=%22EN-GB%22>Country<\/span><\/b><span lang=%22EN-GB%22>: CUBA<br \/><b>Years<\/b>: 2022 &#8211; 2024<br \/><b>Sector of Activity <\/b>: Training &#8211; Education<br \/><b>Project title<\/b>: Educational and leadership support of Churches, Ecumenical Organizations and Cuban society<\/span><\/p>\n<p>&#8221; border_width_all=&#8221;2px&#8221; border_color_all=&#8221;#A8172D&#8221; global_colors_info=&#8221;{}&#8221;]<\/p>\n<div><b><span lang=\"EN-GB\">Lieu <\/span><\/b><span lang=\"EN-GB\"><span lang=\"EN-GB\">: CUBA<br \/><b>Ann\u00e9e <\/b>: 2022 &#8211; 2024<br \/><b>Secteur d&#8217;activit\u00e9 <\/b>: Formation \u00c9ducation<br \/><b>Intitul\u00e9 du projet <\/b>: Soutien \u00e9ducatif et de leadership des \u00c9glises, des organisations \u0153cum\u00e9niques et de la soci\u00e9t\u00e9 cubaine<\/span><\/span><\/div>\n<div><\/div>\n<p>[\/et_pb_text][et_pb_image src=&#8221;https:\/\/fondationfap.ch\/wp-content\/uploads\/2025\/05\/2024-ICEG-matanzas.png&#8221; title_text=&#8221;2024 &#8211; ICEG-matanzas&#8221; _builder_version=&#8221;4.19.5&#8243; _module_preset=&#8221;default&#8221; global_colors_info=&#8221;{}&#8221;][\/et_pb_image][et_pb_image src=&#8221;http:\/\/fondationfap.ch\/wp-content\/uploads\/2025\/05\/2024-ICEG-publications.png&#8221; _builder_version=&#8221;4.19.5&#8243; _module_preset=&#8221;default&#8221; hover_enabled=&#8221;0&#8243; global_colors_info=&#8221;{}&#8221; title_text=&#8221;2024 &#8211; ICEG &#8211; publications&#8221; sticky_enabled=&#8221;0&#8243;][\/et_pb_image][\/et_pb_column][\/et_pb_row][et_pb_row _builder_version=&#8221;4.19.5&#8243; _module_preset=&#8221;default&#8221; global_colors_info=&#8221;{}&#8221;][et_pb_column type=&#8221;4_4&#8243; _builder_version=&#8221;4.19.5&#8243; _module_preset=&#8221;default&#8221; global_colors_info=&#8221;{}&#8221;][et_pb_divider color=&#8221;#FFFFFF&#8221; _builder_version=&#8221;4.19.5&#8243; _module_preset=&#8221;default&#8221; global_colors_info=&#8221;{}&#8221;][\/et_pb_divider][\/et_pb_column][\/et_pb_row][\/et_pb_section]<\/p>\n","protected":false},"excerpt":{"rendered":"<p>L\u2019Institut Chr\u00e9tien d\u2019Etudes de Genre (ICEG) a \u00e9t\u00e9 cr\u00e9\u00e9 en 2004 dans le but d\u2019offrir un espace de r\u00e9flexion, de formation et d\u2019\u00e9change sur les probl\u00e9matiques des r\u00f4les attribu\u00e9s aux hommes et aux femmes dans la soci\u00e9t\u00e9 et dans l\u2019\u00e9glise. L\u2019ICEG est associ\u00e9 au D\u00e9partement de programmes du Conseil des Eglises de Cuba et \u00e0 [&hellip;]<\/p>\n","protected":false},"author":2,"featured_media":2569,"comment_status":"closed","ping_status":"open","sticky":false,"template":"","format":"standard","meta":{"_et_pb_use_builder":"on","_et_pb_old_content":"","_et_gb_content_width":""},"categories":[17],"tags":[],"_links":{"self":[{"href":"https:\/\/fondationfap.ch\/en\/wp-json\/wp\/v2\/posts\/2570"}],"collection":[{"href":"https:\/\/fondationfap.ch\/en\/wp-json\/wp\/v2\/posts"}],"about":[{"href":"https:\/\/fondationfap.ch\/en\/wp-json\/wp\/v2\/types\/post"}],"author":[{"embeddable":true,"href":"https:\/\/fondationfap.ch\/en\/wp-json\/wp\/v2\/users\/2"}],"replies":[{"embeddable":true,"href":"https:\/\/fondationfap.ch\/en\/wp-json\/wp\/v2\/comments?post=2570"}],"version-history":[{"count":9,"href":"https:\/\/fondationfap.ch\/en\/wp-json\/wp\/v2\/posts\/2570\/revisions"}],"predecessor-version":[{"id":2582,"href":"https:\/\/fondationfap.ch\/en\/wp-json\/wp\/v2\/posts\/2570\/revisions\/2582"}],"wp:featuredmedia":[{"embeddable":true,"href":"https:\/\/fondationfap.ch\/en\/wp-json\/wp\/v2\/media\/2569"}],"wp:attachment":[{"href":"https:\/\/fondationfap.ch\/en\/wp-json\/wp\/v2\/media?parent=2570"}],"wp:term":[{"taxonomy":"category","embeddable":true,"href":"https:\/\/fondationfap.ch\/en\/wp-json\/wp\/v2\/categories?post=2570"},{"taxonomy":"post_tag","embeddable":true,"href":"https:\/\/fondationfap.ch\/en\/wp-json\/wp\/v2\/tags?post=2570"}],"curies":[{"name":"wp","href":"https:\/\/api.w.org\/{rel}","templated":true}]}}