{"id":2437,"date":"2024-10-03T10:14:38","date_gmt":"2024-10-03T08:14:38","guid":{"rendered":"https:\/\/fondationfap.ch\/?p=2437"},"modified":"2025-02-11T11:30:51","modified_gmt":"2025-02-11T10:30:51","slug":"visite-a-leper","status":"publish","type":"post","link":"https:\/\/fondationfap.ch\/en\/visite-a-leper\/","title":{"rendered":"Visite \u00e0 l'EPER"},"content":{"rendered":"\n[et_pb_section fb_built=&#8221;1&#8243; _builder_version=&#8221;4.19.5&#8243; _module_preset=&#8221;default&#8221; max_height=&#8221;200px&#8221; global_colors_info=&#8221;{}&#8221;][et_pb_row _builder_version=&#8221;4.19.5&#8243; _module_preset=&#8221;default&#8221; custom_padding=&#8221;|||7px||&#8221; global_colors_info=&#8221;{}&#8221;][et_pb_column type=&#8221;4_4&#8243; _builder_version=&#8221;4.19.5&#8243; _module_preset=&#8221;default&#8221; global_colors_info=&#8221;{}&#8221;][et_pb_text _builder_version=&#8221;4.19.5&#8243; _module_preset=&#8221;default&#8221; hover_enabled=&#8221;0&#8243; content_en_us=&#8221;<p>On 24 September, FAP met with <span>Swiss Church Aid HEKS\/EPER<\/span>. the occasion allowed exchanges among new staff persons part of the long standing cooperation between the two institutions serving projects of sister churches.<\/p>&#8221; global_colors_info=&#8221;{}&#8221; sticky_enabled=&#8221;0&#8243;]<p>Le 24 septembre la FAP a rencontr\u00e9 l&#8217;Entraide Protestante Suisse. L&#8217;occasion a permis de faire connaitre les nouvelles personnes des \u00e9quipes qui s&#8217;inscrivent dans la longue collaboration entre les deux institutions au service des projets des \u00e9glises soeurs.<\/p>[\/et_pb_text][\/et_pb_column][\/et_pb_row][\/et_pb_section]\n","protected":false},"excerpt":{"rendered":"<p>Le 24 septembre la FAP a rencontr\u00e9 l&#8217;Entraide Protestante Suisse. L&#8217;occasion a permis de faire connaitre les nouvelles personnes des \u00e9quipes qui s&#8217;inscrivent dans la longue collaboration entre les deux institutions au service des projets des \u00e9glises soeurs.<\/p>\n","protected":false},"author":2,"featured_media":2446,"comment_status":"closed","ping_status":"open","sticky":false,"template":"","format":"standard","meta":{"_et_pb_use_builder":"on","_et_pb_old_content":"","_et_gb_content_width":""},"categories":[10],"tags":[],"_links":{"self":[{"href":"https:\/\/fondationfap.ch\/en\/wp-json\/wp\/v2\/posts\/2437"}],"collection":[{"href":"https:\/\/fondationfap.ch\/en\/wp-json\/wp\/v2\/posts"}],"about":[{"href":"https:\/\/fondationfap.ch\/en\/wp-json\/wp\/v2\/types\/post"}],"author":[{"embeddable":true,"href":"https:\/\/fondationfap.ch\/en\/wp-json\/wp\/v2\/users\/2"}],"replies":[{"embeddable":true,"href":"https:\/\/fondationfap.ch\/en\/wp-json\/wp\/v2\/comments?post=2437"}],"version-history":[{"count":7,"href":"https:\/\/fondationfap.ch\/en\/wp-json\/wp\/v2\/posts\/2437\/revisions"}],"predecessor-version":[{"id":2447,"href":"https:\/\/fondationfap.ch\/en\/wp-json\/wp\/v2\/posts\/2437\/revisions\/2447"}],"wp:featuredmedia":[{"embeddable":true,"href":"https:\/\/fondationfap.ch\/en\/wp-json\/wp\/v2\/media\/2446"}],"wp:attachment":[{"href":"https:\/\/fondationfap.ch\/en\/wp-json\/wp\/v2\/media?parent=2437"}],"wp:term":[{"taxonomy":"category","embeddable":true,"href":"https:\/\/fondationfap.ch\/en\/wp-json\/wp\/v2\/categories?post=2437"},{"taxonomy":"post_tag","embeddable":true,"href":"https:\/\/fondationfap.ch\/en\/wp-json\/wp\/v2\/tags?post=2437"}],"curies":[{"name":"wp","href":"https:\/\/api.w.org\/{rel}","templated":true}]}}